{"id":3072,"date":"2024-12-23T21:12:32","date_gmt":"2024-12-23T20:12:32","guid":{"rendered":"https:\/\/freudgymnasium.at\/site\/?p=3072"},"modified":"2025-02-09T21:13:36","modified_gmt":"2025-02-09T20:13:36","slug":"weihnachten-tb","status":"publish","type":"post","link":"https:\/\/freudgymnasium.at\/site\/weihnachten-tb\/","title":{"rendered":"Weihnachten TB"},"content":{"rendered":"\n<p><strong>Weihnachtsstimmung in der Tagesbetreuung<\/strong><\/p>\n\n\n\n<p>Am 11. Dezember herrschte in der Tagesbetreuung festliche Stimmung. Gemeinsam wurde gebastelt, verziert und genossen.<\/p>\n\n\n\n<p>Die Kinder konnten ihrer Kreativit\u00e4t freien Lauf lassen: Kekse wurden dekoriert, die entweder gleich vernascht oder liebevoll eingepackt wurden. In der Bastelwerkstatt entstanden sch\u00f6ne neue Ornamente, die ihren Platz am hauseigenen Christbaum fanden.<\/p>\n\n\n\n<p>Bei Punsch und Snacks genossen die Sch\u00fclerinnen und Sch\u00fcler einen gem\u00fctlichen Nachmittag mit stimmungsvoller Musik und weihnachtlicher Atmosph\u00e4re.<\/p>\n\n\n\n<p>Das Team der Tagesbetreuung w\u00fcnscht allen frohe Weihnachten und erholsame Feiertage!<\/p>\n\n\n\n<figure class=\"wp-block-gallery has-nested-images columns-default is-cropped wp-block-gallery-1 is-layout-flex wp-block-gallery-is-layout-flex\">\n<figure class=\"wp-block-image size-large\"><img loading=\"lazy\" decoding=\"async\" width=\"768\" height=\"1024\" data-id=\"3074\" src=\"https:\/\/freudgymnasium.at\/site\/wp-content\/uploads\/2025\/02\/TB1-768x1024.jpeg\" alt=\"\" class=\"wp-image-3074\" srcset=\"https:\/\/freudgymnasium.at\/site\/wp-content\/uploads\/2025\/02\/TB1-768x1024.jpeg 768w, https:\/\/freudgymnasium.at\/site\/wp-content\/uploads\/2025\/02\/TB1-225x300.jpeg 225w, https:\/\/freudgymnasium.at\/site\/wp-content\/uploads\/2025\/02\/TB1-1152x1536.jpeg 1152w, https:\/\/freudgymnasium.at\/site\/wp-content\/uploads\/2025\/02\/TB1.jpeg 1536w\" sizes=\"auto, (max-width: 768px) 100vw, 768px\" \/><\/figure>\n\n\n\n<figure class=\"wp-block-image size-large\"><img loading=\"lazy\" decoding=\"async\" width=\"768\" height=\"1024\" data-id=\"3073\" src=\"https:\/\/freudgymnasium.at\/site\/wp-content\/uploads\/2025\/02\/TB2-768x1024.jpeg\" alt=\"\" class=\"wp-image-3073\" srcset=\"https:\/\/freudgymnasium.at\/site\/wp-content\/uploads\/2025\/02\/TB2-768x1024.jpeg 768w, https:\/\/freudgymnasium.at\/site\/wp-content\/uploads\/2025\/02\/TB2-225x300.jpeg 225w, https:\/\/freudgymnasium.at\/site\/wp-content\/uploads\/2025\/02\/TB2-1152x1536.jpeg 1152w, https:\/\/freudgymnasium.at\/site\/wp-content\/uploads\/2025\/02\/TB2.jpeg 1536w\" sizes=\"auto, (max-width: 768px) 100vw, 768px\" \/><\/figure>\n<\/figure>\n\n\n\n<figure class=\"wp-block-gallery has-nested-images columns-default is-cropped wp-block-gallery-2 is-layout-flex wp-block-gallery-is-layout-flex\">\n<figure class=\"wp-block-image size-large\"><img loading=\"lazy\" decoding=\"async\" width=\"768\" height=\"1024\" data-id=\"3075\" src=\"https:\/\/freudgymnasium.at\/site\/wp-content\/uploads\/2025\/02\/TB3-768x1024.jpeg\" alt=\"\" class=\"wp-image-3075\" srcset=\"https:\/\/freudgymnasium.at\/site\/wp-content\/uploads\/2025\/02\/TB3-768x1024.jpeg 768w, https:\/\/freudgymnasium.at\/site\/wp-content\/uploads\/2025\/02\/TB3-225x300.jpeg 225w, https:\/\/freudgymnasium.at\/site\/wp-content\/uploads\/2025\/02\/TB3-1152x1536.jpeg 1152w, https:\/\/freudgymnasium.at\/site\/wp-content\/uploads\/2025\/02\/TB3.jpeg 1536w\" sizes=\"auto, (max-width: 768px) 100vw, 768px\" \/><\/figure>\n\n\n\n<figure class=\"wp-block-image size-large\"><img loading=\"lazy\" decoding=\"async\" width=\"768\" height=\"1024\" data-id=\"3076\" src=\"https:\/\/freudgymnasium.at\/site\/wp-content\/uploads\/2025\/02\/TB4-768x1024.jpeg\" alt=\"\" class=\"wp-image-3076\" srcset=\"https:\/\/freudgymnasium.at\/site\/wp-content\/uploads\/2025\/02\/TB4-768x1024.jpeg 768w, https:\/\/freudgymnasium.at\/site\/wp-content\/uploads\/2025\/02\/TB4-225x300.jpeg 225w, https:\/\/freudgymnasium.at\/site\/wp-content\/uploads\/2025\/02\/TB4-1152x1536.jpeg 1152w, https:\/\/freudgymnasium.at\/site\/wp-content\/uploads\/2025\/02\/TB4.jpeg 1536w\" sizes=\"auto, (max-width: 768px) 100vw, 768px\" \/><\/figure>\n<\/figure>\n\n\n\n<figure class=\"wp-block-image size-large\"><img loading=\"lazy\" decoding=\"async\" width=\"768\" height=\"1024\" src=\"https:\/\/freudgymnasium.at\/site\/wp-content\/uploads\/2025\/02\/TB5-768x1024.jpeg\" alt=\"\" class=\"wp-image-3077\" srcset=\"https:\/\/freudgymnasium.at\/site\/wp-content\/uploads\/2025\/02\/TB5-768x1024.jpeg 768w, https:\/\/freudgymnasium.at\/site\/wp-content\/uploads\/2025\/02\/TB5-225x300.jpeg 225w, https:\/\/freudgymnasium.at\/site\/wp-content\/uploads\/2025\/02\/TB5-1152x1536.jpeg 1152w, https:\/\/freudgymnasium.at\/site\/wp-content\/uploads\/2025\/02\/TB5.jpeg 1536w\" sizes=\"auto, (max-width: 768px) 100vw, 768px\" \/><\/figure>\n","protected":false},"excerpt":{"rendered":"<p>Weihnachtsstimmung in der Tagesbetreuung Am 11. Dezember herrschte in der Tagesbetreuung festliche Stimmung. Gemeinsam wurde gebastelt, verziert und genossen. Die Kinder konnten ihrer Kreativit\u00e4t freien Lauf lassen: Kekse wurden dekoriert, die entweder gleich vernascht oder liebevoll eingepackt wurden. In der Bastelwerkstatt entstanden sch\u00f6ne neue Ornamente, die ihren Platz am hauseigenen Christbaum fanden. Bei Punsch und [&hellip;]<\/p>\n","protected":false},"author":4,"featured_media":0,"comment_status":"closed","ping_status":"open","sticky":false,"template":"","format":"standard","meta":{"footnotes":""},"categories":[2,10],"tags":[],"class_list":["post-3072","post","type-post","status-publish","format-standard","hentry","category-aktivitaeten","category-veranstaltungen"],"_links":{"self":[{"href":"https:\/\/freudgymnasium.at\/site\/wp-json\/wp\/v2\/posts\/3072","targetHints":{"allow":["GET"]}}],"collection":[{"href":"https:\/\/freudgymnasium.at\/site\/wp-json\/wp\/v2\/posts"}],"about":[{"href":"https:\/\/freudgymnasium.at\/site\/wp-json\/wp\/v2\/types\/post"}],"author":[{"embeddable":true,"href":"https:\/\/freudgymnasium.at\/site\/wp-json\/wp\/v2\/users\/4"}],"replies":[{"embeddable":true,"href":"https:\/\/freudgymnasium.at\/site\/wp-json\/wp\/v2\/comments?post=3072"}],"version-history":[{"count":1,"href":"https:\/\/freudgymnasium.at\/site\/wp-json\/wp\/v2\/posts\/3072\/revisions"}],"predecessor-version":[{"id":3078,"href":"https:\/\/freudgymnasium.at\/site\/wp-json\/wp\/v2\/posts\/3072\/revisions\/3078"}],"wp:attachment":[{"href":"https:\/\/freudgymnasium.at\/site\/wp-json\/wp\/v2\/media?parent=3072"}],"wp:term":[{"taxonomy":"category","embeddable":true,"href":"https:\/\/freudgymnasium.at\/site\/wp-json\/wp\/v2\/categories?post=3072"},{"taxonomy":"post_tag","embeddable":true,"href":"https:\/\/freudgymnasium.at\/site\/wp-json\/wp\/v2\/tags?post=3072"}],"curies":[{"name":"wp","href":"https:\/\/api.w.org\/{rel}","templated":true}]}}