{"id":3039,"date":"2025-01-24T10:31:54","date_gmt":"2025-01-24T09:31:54","guid":{"rendered":"https:\/\/freudgymnasium.at\/site\/?p=3039"},"modified":"2025-01-24T10:31:54","modified_gmt":"2025-01-24T09:31:54","slug":"kulturreise-8abc","status":"publish","type":"post","link":"https:\/\/freudgymnasium.at\/site\/kulturreise-8abc\/","title":{"rendered":"Kulturreise 8ABC"},"content":{"rendered":"\n<p>Latein Kulturreise, September 2024, 8ABC<\/p>\n\n\n\n<p>Die Lateingruppe der 8ABC verbrachte im September 2024 mit Prof. Weber und Prof. Knotzinger eine Woche in Modena und reiste von dort in einige St\u00e4dte der Umgebung.<\/p>\n\n\n\n<p>Am Montag erkundeten wir Modena, wo wir in einem Hostel wohnten. Modena ist eine \u00fcberschaubare Stadt mit vielen netten Pl\u00e4tzen und kleinen Gassen. Wir konnten uns schnell orientieren und in unserer Freizeit gut zurechtfinden. In der N\u00e4he der Haupteinkaufsstra\u00dfe gab es viele Lokale, in denen wir die italienische K\u00fcche genossen.<\/p>\n\n\n\n<p>Am Dienstag fuhren wir nach Bologna und besuchten die \u00e4lteste Universit\u00e4t von Europa. Um den Hauptplatz sind zahlreiche orangefarbene Arkadenb\u00f6gen zu finden, f\u00fcr die Bologna bekannt ist. Pasta Bolognese durfte zu Mittag nicht fehlen!<\/p>\n\n\n\n<p>Am Mittwoch machte die Lateingruppe einen Ausflug nach Ravenna, ber\u00fchmt f\u00fcr seine wundersch\u00f6nen Mosaike. Dort besichtigten wir die Basilika San Vitale und das Mausoleum der Galla Placidia, wo die&nbsp;bunten&nbsp;Mosaike lebendig wirkende Szenen und Figuren zeigen.<\/p>\n\n\n\n<p>Am n\u00e4chsten Tag kam Florenz. Als erstes gingen wir zum Piazzale Michelangelo und von dort in die Innenstadt zum Duomo di Firenze, auch Cattedrale di Santa Maria del Fiore genannt. Unsere Reise verlief durch den Mercato von Florenz und \u00fcber Br\u00fccken, unter anderem Ponte Vecchio. Wo fr\u00fcher die Fleischer und Fischer gewohnt haben, sind heute luxuri\u00f6se Schmuckgesch\u00e4fte entlang der Br\u00fccke zu finden.<\/p>\n\n\n\n<p>Am Freitag war Venedig unser letzter Ort. Die ber\u00fchmte Kanalstadt ist auf 118 kleinen Inseln in einer Lagune an der Adria gebaut, mit einer einzigartigen Architektur, wie der Markusdom, der Dogenpalast und die Rialtobr\u00fccke. &nbsp;Venedig hat uns mit seiner einzigartigen Atmosph\u00e4re am Wasser fasziniert. Von dort sind wir mit dem Nachtzug nach Wien gefahren und am Samstag in der Fr\u00fch angekommen.<\/p>\n\n\n\n<p>Arthur T\u00f6lle und Felician Farkas<\/p>\n\n\n\n<figure class=\"wp-block-gallery has-nested-images columns-default is-cropped wp-block-gallery-1 is-layout-flex wp-block-gallery-is-layout-flex\">\n<figure class=\"wp-block-image size-large\"><img loading=\"lazy\" decoding=\"async\" width=\"535\" height=\"713\" data-id=\"3040\" src=\"https:\/\/freudgymnasium.at\/site\/wp-content\/uploads\/2025\/01\/Bild1.jpg\" alt=\"\" class=\"wp-image-3040\" srcset=\"https:\/\/freudgymnasium.at\/site\/wp-content\/uploads\/2025\/01\/Bild1.jpg 535w, https:\/\/freudgymnasium.at\/site\/wp-content\/uploads\/2025\/01\/Bild1-225x300.jpg 225w\" sizes=\"auto, (max-width: 535px) 100vw, 535px\" \/><\/figure>\n\n\n\n<figure class=\"wp-block-image size-large\"><img loading=\"lazy\" decoding=\"async\" width=\"524\" height=\"699\" data-id=\"3041\" src=\"https:\/\/freudgymnasium.at\/site\/wp-content\/uploads\/2025\/01\/Bild2.jpg\" alt=\"\" class=\"wp-image-3041\" srcset=\"https:\/\/freudgymnasium.at\/site\/wp-content\/uploads\/2025\/01\/Bild2.jpg 524w, https:\/\/freudgymnasium.at\/site\/wp-content\/uploads\/2025\/01\/Bild2-225x300.jpg 225w\" sizes=\"auto, (max-width: 524px) 100vw, 524px\" \/><\/figure>\n<\/figure>\n\n\n\n<figure class=\"wp-block-gallery has-nested-images columns-default is-cropped wp-block-gallery-2 is-layout-flex wp-block-gallery-is-layout-flex\">\n<figure class=\"wp-block-image size-large\"><img loading=\"lazy\" decoding=\"async\" width=\"688\" height=\"917\" data-id=\"3042\" src=\"https:\/\/freudgymnasium.at\/site\/wp-content\/uploads\/2025\/01\/Bild3.jpg\" alt=\"\" class=\"wp-image-3042\" srcset=\"https:\/\/freudgymnasium.at\/site\/wp-content\/uploads\/2025\/01\/Bild3.jpg 688w, https:\/\/freudgymnasium.at\/site\/wp-content\/uploads\/2025\/01\/Bild3-225x300.jpg 225w\" sizes=\"auto, (max-width: 688px) 100vw, 688px\" \/><\/figure>\n\n\n\n<figure class=\"wp-block-image size-large\"><img loading=\"lazy\" decoding=\"async\" width=\"593\" height=\"791\" data-id=\"3043\" src=\"https:\/\/freudgymnasium.at\/site\/wp-content\/uploads\/2025\/01\/Bild4.jpg\" alt=\"\" class=\"wp-image-3043\" srcset=\"https:\/\/freudgymnasium.at\/site\/wp-content\/uploads\/2025\/01\/Bild4.jpg 593w, https:\/\/freudgymnasium.at\/site\/wp-content\/uploads\/2025\/01\/Bild4-225x300.jpg 225w\" sizes=\"auto, (max-width: 593px) 100vw, 593px\" \/><\/figure>\n<\/figure>\n\n\n\n<figure class=\"wp-block-gallery has-nested-images columns-default is-cropped wp-block-gallery-3 is-layout-flex wp-block-gallery-is-layout-flex\">\n<figure class=\"wp-block-image size-large\"><img loading=\"lazy\" decoding=\"async\" width=\"710\" height=\"946\" data-id=\"3046\" src=\"https:\/\/freudgymnasium.at\/site\/wp-content\/uploads\/2025\/01\/Bild7.jpg\" alt=\"\" class=\"wp-image-3046\" srcset=\"https:\/\/freudgymnasium.at\/site\/wp-content\/uploads\/2025\/01\/Bild7.jpg 710w, https:\/\/freudgymnasium.at\/site\/wp-content\/uploads\/2025\/01\/Bild7-225x300.jpg 225w\" sizes=\"auto, (max-width: 710px) 100vw, 710px\" \/><\/figure>\n\n\n\n<figure class=\"wp-block-image size-large\"><img loading=\"lazy\" decoding=\"async\" width=\"513\" height=\"684\" data-id=\"3047\" src=\"https:\/\/freudgymnasium.at\/site\/wp-content\/uploads\/2025\/01\/Bild8.jpg\" alt=\"\" class=\"wp-image-3047\" srcset=\"https:\/\/freudgymnasium.at\/site\/wp-content\/uploads\/2025\/01\/Bild8.jpg 513w, https:\/\/freudgymnasium.at\/site\/wp-content\/uploads\/2025\/01\/Bild8-225x300.jpg 225w\" sizes=\"auto, (max-width: 513px) 100vw, 513px\" \/><\/figure>\n<\/figure>\n\n\n\n<figure class=\"wp-block-gallery has-nested-images columns-default is-cropped wp-block-gallery-4 is-layout-flex wp-block-gallery-is-layout-flex\">\n<figure class=\"wp-block-image size-large\"><img loading=\"lazy\" decoding=\"async\" width=\"591\" height=\"788\" data-id=\"3044\" src=\"https:\/\/freudgymnasium.at\/site\/wp-content\/uploads\/2025\/01\/Bild5.jpg\" alt=\"\" class=\"wp-image-3044\" srcset=\"https:\/\/freudgymnasium.at\/site\/wp-content\/uploads\/2025\/01\/Bild5.jpg 591w, https:\/\/freudgymnasium.at\/site\/wp-content\/uploads\/2025\/01\/Bild5-225x300.jpg 225w\" sizes=\"auto, (max-width: 591px) 100vw, 591px\" \/><\/figure>\n<\/figure>\n\n\n\n<figure class=\"wp-block-image size-full\"><img loading=\"lazy\" decoding=\"async\" width=\"631\" height=\"473\" src=\"https:\/\/freudgymnasium.at\/site\/wp-content\/uploads\/2025\/01\/Bild6.jpg\" alt=\"\" class=\"wp-image-3045\" srcset=\"https:\/\/freudgymnasium.at\/site\/wp-content\/uploads\/2025\/01\/Bild6.jpg 631w, https:\/\/freudgymnasium.at\/site\/wp-content\/uploads\/2025\/01\/Bild6-300x225.jpg 300w\" sizes=\"auto, (max-width: 631px) 100vw, 631px\" \/><\/figure>\n","protected":false},"excerpt":{"rendered":"<p>Latein Kulturreise, September 2024, 8ABC Die Lateingruppe der 8ABC verbrachte im September 2024 mit Prof. Weber und Prof. Knotzinger eine Woche in Modena und reiste von dort in einige St\u00e4dte der Umgebung. Am Montag erkundeten wir Modena, wo wir in einem Hostel wohnten. Modena ist eine \u00fcberschaubare Stadt mit vielen netten Pl\u00e4tzen und kleinen Gassen. [&hellip;]<\/p>\n","protected":false},"author":4,"featured_media":3042,"comment_status":"closed","ping_status":"open","sticky":false,"template":"","format":"standard","meta":{"footnotes":""},"categories":[2,6],"tags":[],"class_list":["post-3039","post","type-post","status-publish","format-standard","has-post-thumbnail","hentry","category-aktivitaeten","category-projektwochen"],"_links":{"self":[{"href":"https:\/\/freudgymnasium.at\/site\/wp-json\/wp\/v2\/posts\/3039","targetHints":{"allow":["GET"]}}],"collection":[{"href":"https:\/\/freudgymnasium.at\/site\/wp-json\/wp\/v2\/posts"}],"about":[{"href":"https:\/\/freudgymnasium.at\/site\/wp-json\/wp\/v2\/types\/post"}],"author":[{"embeddable":true,"href":"https:\/\/freudgymnasium.at\/site\/wp-json\/wp\/v2\/users\/4"}],"replies":[{"embeddable":true,"href":"https:\/\/freudgymnasium.at\/site\/wp-json\/wp\/v2\/comments?post=3039"}],"version-history":[{"count":1,"href":"https:\/\/freudgymnasium.at\/site\/wp-json\/wp\/v2\/posts\/3039\/revisions"}],"predecessor-version":[{"id":3048,"href":"https:\/\/freudgymnasium.at\/site\/wp-json\/wp\/v2\/posts\/3039\/revisions\/3048"}],"wp:featuredmedia":[{"embeddable":true,"href":"https:\/\/freudgymnasium.at\/site\/wp-json\/wp\/v2\/media\/3042"}],"wp:attachment":[{"href":"https:\/\/freudgymnasium.at\/site\/wp-json\/wp\/v2\/media?parent=3039"}],"wp:term":[{"taxonomy":"category","embeddable":true,"href":"https:\/\/freudgymnasium.at\/site\/wp-json\/wp\/v2\/categories?post=3039"},{"taxonomy":"post_tag","embeddable":true,"href":"https:\/\/freudgymnasium.at\/site\/wp-json\/wp\/v2\/tags?post=3039"}],"curies":[{"name":"wp","href":"https:\/\/api.w.org\/{rel}","templated":true}]}}